{"id":1393,"date":"2026-01-23T16:55:23","date_gmt":"2026-01-23T15:55:23","guid":{"rendered":"https:\/\/tsg-hagen.de\/?p=1393"},"modified":"2026-02-20T12:59:16","modified_gmt":"2026-02-20T11:59:16","slug":"vereinsfahrt-2026","status":"publish","type":"post","link":"https:\/\/tsg-hagen.de\/index.php\/2026\/01\/23\/vereinsfahrt-2026\/","title":{"rendered":"Vereinsfahrt 2026"},"content":{"rendered":"\n<p>Hallo zusammen,<\/p>\n\n\n\n<p>Wie jedes Jahr planen wir auch f\u00fcr dieses Jahr eine Vereinsfahrt. Bitte meldet euch bis <strong>Sonntagabend den 25.01.2026<\/strong> an.<\/p>\n\n\n\n<p>Wir fahren vom <strong>04.06.-07.06.2026 (Anreise 03.06.2026)<\/strong> in die Niederlande auf den Campingplatz <a href=\"https:\/\/klaverweide.com\/de\/\" data-type=\"link\" data-id=\"https:\/\/klaverweide.com\/de\/\" target=\"_blank\" rel=\"noreferrer noopener\">\u201eCamping Klaverweide\u201c (Zeeland)<\/a>  Dies wurde am 22.01 in der Besprechung abgestimmt,<\/p>\n\n\n\n<p>Wir m\u00f6chten versuchen, dass wir alle gut zusammenstehen. Dementsprechend sind wir darauf aus, dass wir in den gewohnten Bereichen auf dem Platz unterkommen. Das w\u00e4ren dann die Komfortpl\u00e4tze mit eigener Sanit\u00e4ranlage (<a href=\"https:\/\/klaverweide.com\/de\/camping-zeeland\/lageplan\" data-type=\"link\" data-id=\"https:\/\/klaverweide.com\/de\/camping-zeeland\/lageplan\" target=\"_blank\" rel=\"noreferrer noopener\">auf dem Lageplan blau markiert<\/a>) Damit ihr die Kosten in etwa einsch\u00e4tzen k\u00f6nnt, haben wir eine Beispielrechnung (Zeitraum\/2 Personen) erstellt (siehe Foto). Um die genauen Kosten f\u00fcr sich zu ermitteln, bitte wir einmal die Buchung auf der Internetseite durchzuspielen.<\/p>\n\n\n\n<figure class=\"wp-block-image size-large\"><img loading=\"lazy\" decoding=\"async\" width=\"1024\" height=\"680\" src=\"https:\/\/tsg-hagen.de\/wp-content\/uploads\/2026\/01\/WhatsApp-Image-2026-01-23-at-08.50.33-1024x680.jpeg\" alt=\"\" class=\"wp-image-1394\" srcset=\"https:\/\/tsg-hagen.de\/wp-content\/uploads\/2026\/01\/WhatsApp-Image-2026-01-23-at-08.50.33-1024x680.jpeg 1024w, https:\/\/tsg-hagen.de\/wp-content\/uploads\/2026\/01\/WhatsApp-Image-2026-01-23-at-08.50.33-300x199.jpeg 300w, https:\/\/tsg-hagen.de\/wp-content\/uploads\/2026\/01\/WhatsApp-Image-2026-01-23-at-08.50.33-768x510.jpeg 768w, https:\/\/tsg-hagen.de\/wp-content\/uploads\/2026\/01\/WhatsApp-Image-2026-01-23-at-08.50.33.jpeg 1227w\" sizes=\"auto, (max-width: 1024px) 100vw, 1024px\" \/><\/figure>\n\n\n\n<p>Damit wir jetzt schnellstm\u00f6glich die Pl\u00e4tze buchen k\u00f6nnen bitten wir euch bis <strong>Sonntagabend den 25.01.<\/strong> einmal \u00fcber das Formular unten kurz mitzuteilen, wer mitkommen m\u00f6chte. Diese Anmeldung ist verbindlich. Das hei\u00dft, sp\u00e4testens, wenn die Buchung mit dem Campingplatz best\u00e4tigt wurde, stehen die Kosten f\u00fcr jeden fest.<\/p>\n\n\n\n<p>Die ganze Planung und Organisation der Vereinsfahrt 2026 wird in der daf\u00fcr erstellten Communitygruppe \u201eVereinsfahrt 2026 &#8211; 04.06. &#8211; 07.06.2026\u201c besprochen. Bitte kommt hierf\u00fcr in die Gruppe. <\/p>\n\n\n\n<p>So viel zum ersten Part, alles Weitere kommt dann, wenn wir mit dem Campingplatz Kontakt aufgenommen haben und eure Anmeldungen vorliegen.<\/p>\n\n\n\n<p>Liebe Gr\u00fc\u00dfe,<br>Euer Organisationsteam<br>Annika, Matthias, Falko<\/p>\n\n\n\n<p><strong>Eine Anmeldung ist nicht mehr m\u00f6glich, ihr k\u00f6nnt euch aber selbst um eine Unterkunft in dem Zeitraum k\u00fcmmern<\/strong><\/p>\n","protected":false},"excerpt":{"rendered":"<p>Hallo zusammen, Wie jedes Jahr planen wir auch f\u00fcr dieses Jahr eine Vereinsfahrt. Bitte meldet euch bis Sonntagabend den 25.01.2026 an. Wir fahren vom 04.06.-07.06.2026 (Anreise 03.06.2026) in die Niederlande auf den Campingplatz \u201eCamping Klaverweide\u201c (Zeeland) Dies wurde am 22.01 in der Besprechung abgestimmt, Wir m\u00f6chten versuchen, dass wir alle gut zusammenstehen. Dementsprechend sind wir&hellip;&nbsp;<a href=\"https:\/\/tsg-hagen.de\/index.php\/2026\/01\/23\/vereinsfahrt-2026\/\" rel=\"bookmark\">Weiterlesen &raquo;<span class=\"screen-reader-text\">Vereinsfahrt 2026<\/span><\/a><\/p>\n","protected":false},"author":1,"featured_media":300,"comment_status":"closed","ping_status":"open","sticky":false,"template":"","format":"standard","meta":{"neve_meta_sidebar":"","neve_meta_container":"","neve_meta_enable_content_width":"","neve_meta_content_width":0,"neve_meta_title_alignment":"","neve_meta_author_avatar":"","neve_post_elements_order":"","neve_meta_disable_header":"","neve_meta_disable_footer":"","neve_meta_disable_title":"","footnotes":""},"categories":[5],"tags":[67,8,36,29,11],"class_list":["post-1393","post","type-post","status-publish","format-standard","has-post-thumbnail","hentry","category-news","tag-67","tag-holland","tag-termine","tag-veranstalltung","tag-vereinsfahrt"],"_links":{"self":[{"href":"https:\/\/tsg-hagen.de\/index.php\/wp-json\/wp\/v2\/posts\/1393","targetHints":{"allow":["GET"]}}],"collection":[{"href":"https:\/\/tsg-hagen.de\/index.php\/wp-json\/wp\/v2\/posts"}],"about":[{"href":"https:\/\/tsg-hagen.de\/index.php\/wp-json\/wp\/v2\/types\/post"}],"author":[{"embeddable":true,"href":"https:\/\/tsg-hagen.de\/index.php\/wp-json\/wp\/v2\/users\/1"}],"replies":[{"embeddable":true,"href":"https:\/\/tsg-hagen.de\/index.php\/wp-json\/wp\/v2\/comments?post=1393"}],"version-history":[{"count":4,"href":"https:\/\/tsg-hagen.de\/index.php\/wp-json\/wp\/v2\/posts\/1393\/revisions"}],"predecessor-version":[{"id":1519,"href":"https:\/\/tsg-hagen.de\/index.php\/wp-json\/wp\/v2\/posts\/1393\/revisions\/1519"}],"wp:featuredmedia":[{"embeddable":true,"href":"https:\/\/tsg-hagen.de\/index.php\/wp-json\/wp\/v2\/media\/300"}],"wp:attachment":[{"href":"https:\/\/tsg-hagen.de\/index.php\/wp-json\/wp\/v2\/media?parent=1393"}],"wp:term":[{"taxonomy":"category","embeddable":true,"href":"https:\/\/tsg-hagen.de\/index.php\/wp-json\/wp\/v2\/categories?post=1393"},{"taxonomy":"post_tag","embeddable":true,"href":"https:\/\/tsg-hagen.de\/index.php\/wp-json\/wp\/v2\/tags?post=1393"}],"curies":[{"name":"wp","href":"https:\/\/api.w.org\/{rel}","templated":true}]}}